{"id":1399,"date":"2021-02-15T07:50:45","date_gmt":"2021-02-15T07:50:45","guid":{"rendered":"https:\/\/facetproject.eu\/?p=1399"},"modified":"2021-02-15T07:50:45","modified_gmt":"2021-02-15T07:50:45","slug":"the-facet-project-ends-public-presentation-of-the-results","status":"publish","type":"post","link":"https:\/\/facetproject.eu\/it\/the-facet-project-ends-public-presentation-of-the-results\/","title":{"rendered":"Progetto FACET in conclusione \u2013 presentazione pubblica dei risultati"},"content":{"rendered":"<p>FACET affronta la sua fase finale. Dopo 30 mesi di intenso lavoro, il progetto si sta avviando alla fase finale. Durante questo periodo, il partenariato del progetto FACET ha sviluppato <strong>un corso di formazione completo sul tema della creativit\u00e0 ed imprenditorialit\u00e0 nel settore del mobile<\/strong>. Il corso, completamente gratuito, \u00e8 online e consta di 5 moduli:<\/p>\n\n\n\n<ol><li><strong>Creativit\u00e0 e pensiero creativo<\/strong>: una panoramica sui molteplici valori e livelli di creativit\u00e0 che consentono di migliorare e sviluppare il pensiero creativo.<\/li><li><strong>Creativit\u00e0 e innovazione<\/strong>: focalizzata sullo sviluppo di metodi per essere contemporaneamente creativi e innovativi.<\/li><li><strong>Creativit\u00e0 motivazionale<\/strong>: una panoramica sulla motivazione, i livelli di motivazione individuale e il suo legame con la fiducia, la produttivit\u00e0 e la definizione di obiettivi positivi, attraverso l'analisi di diverse teorie motivazionali.<\/li><li><strong>Creativit\u00e0 sostenibile<\/strong>: presentazione delle conoscenze di base per progetti sostenibili che utilizzano un approccio creativo critico e sostenibile: efficienza EWM (Energy, Waste, Material), eco-design ed economia circolare.<\/li><li><strong>Creativit\u00e0 e imprenditorialit\u00e0<\/strong>: un'introduzione alle nozioni di base della gestione strategica, sottolineando le principali caratteristiche personali, che possono essere utili in una posizione di leadership.<\/li><\/ol>\n\n\n\n<p>Il corso di Formazione FACET \u00e8 disponile a questo<a href=\"https:\/\/facet.erasmusplus.website\/\"> <strong>link<\/strong><\/a>.<\/p>\n\n\n\n<p>Inoltre, i partner del progetto hanno sviluppato un <strong>work-based tool, <\/strong>una guida per il processo di creazione e implementazione delle idee applicate a progetti reali. Questo strumento \u00e8 presente all\u2019interno della piattaforma.<\/p>\n\n\n\n<p>Durante l\u2019ultimo mese di progetto, i partner concentreranno i propri sforzi sulla presentazione pubblica dei risultati prodotti dal progetto, ciascuno nei propri paesi di appartenenza: Italia, Spagna, Portogallo, Romania, Grecia e Repubblica Ceca.<\/p>\n\n\n\n<p class=\" translation-block\">The <strong>course<\/strong> and the <strong>support tool<\/strong> will be indefinitely available online and totally free. So, we encourage you to use and take advantage of them!<br><\/p>","protected":false},"excerpt":{"rendered":"<p>FACET affronta la sua fase finale. Dopo 30 mesi di intenso lavoro, il progetto si sta avviando alla fase finale. Durante questo periodo, il partenariato del progetto FACET ha sviluppato un corso di formazione completo sul tema della creativit\u00e0 ed imprenditorialit\u00e0 nel settore del mobile. Il corso, completamente gratuito, \u00e8 online e consta di 5 moduli.<\/p>","protected":false},"author":4,"featured_media":1400,"comment_status":"closed","ping_status":"open","sticky":false,"template":"","format":"standard","meta":[],"categories":[1],"tags":[],"_links":{"self":[{"href":"https:\/\/facetproject.eu\/it\/wp-json\/wp\/v2\/posts\/1399"}],"collection":[{"href":"https:\/\/facetproject.eu\/it\/wp-json\/wp\/v2\/posts"}],"about":[{"href":"https:\/\/facetproject.eu\/it\/wp-json\/wp\/v2\/types\/post"}],"author":[{"embeddable":true,"href":"https:\/\/facetproject.eu\/it\/wp-json\/wp\/v2\/users\/4"}],"replies":[{"embeddable":true,"href":"https:\/\/facetproject.eu\/it\/wp-json\/wp\/v2\/comments?post=1399"}],"version-history":[{"count":1,"href":"https:\/\/facetproject.eu\/it\/wp-json\/wp\/v2\/posts\/1399\/revisions"}],"predecessor-version":[{"id":1401,"href":"https:\/\/facetproject.eu\/it\/wp-json\/wp\/v2\/posts\/1399\/revisions\/1401"}],"wp:featuredmedia":[{"embeddable":true,"href":"https:\/\/facetproject.eu\/it\/wp-json\/wp\/v2\/media\/1400"}],"wp:attachment":[{"href":"https:\/\/facetproject.eu\/it\/wp-json\/wp\/v2\/media?parent=1399"}],"wp:term":[{"taxonomy":"category","embeddable":true,"href":"https:\/\/facetproject.eu\/it\/wp-json\/wp\/v2\/categories?post=1399"},{"taxonomy":"post_tag","embeddable":true,"href":"https:\/\/facetproject.eu\/it\/wp-json\/wp\/v2\/tags?post=1399"}],"curies":[{"name":"wp","href":"https:\/\/api.w.org\/{rel}","templated":true}]}}