{"id":1391,"date":"2021-01-10T14:35:37","date_gmt":"2021-01-10T14:35:37","guid":{"rendered":"https:\/\/facetproject.eu\/?p=1391"},"modified":"2021-01-28T14:37:22","modified_gmt":"2021-01-28T14:37:22","slug":"what-kind-of-startup-founder-are-you","status":"publish","type":"post","link":"https:\/\/facetproject.eu\/it\/what-kind-of-startup-founder-are-you\/","title":{"rendered":"Quale tipo di creatore di start-up sei?"},"content":{"rendered":"<p>Quando si tratta di far decollare una nuova impresa, un senso di appartenenza condivisa \u00e8 vitale, ma non \u00e8 sempre chiaro come i creatori possano promuovere tale propriet\u00e0 condivisa nei loro team. \nIn questo articolo, gli autori descrivono una ricerca recente che ha esaminato il modo in cui diversi tipi di leader tentano di coltivare un senso di appartenenza tra i membri del proprio team, concludendo infine che \u00e8 molto probabile che sia efficace un attento equilibrio tra delega e ordine. Continuano a suggerire che il modo migliore in cui i creatori possono mantenere i loro team impegnati e le loro attivit\u00e0 attive \u00e8 decidere in modo proattivo quali elementi della loro idea sono aperti alla discussione e quali invece sono fissi - e quindi comunicare chiaramente tali distinzioni e differenze a tutti i soggetti coinvolti.<\/p>\n\n\n\n<p class=\" translation-block\">Molte nuove promettenti iniziative faticano a decollare perch\u00e9 i loro creatori non riescono a coltivare un senso di appartenenza collettiva - la sensazione che l'idea di impresa sia \"nostra\" e non solo del fondatore - nei loro team. Quando i team sentono la propriet\u00e0 di un'idea, sono pi\u00f9 collaborativi, corrono pi\u00f9 rischi e fanno pi\u00f9 sacrifici personali per sostenere l'obiettivo condiviso e, quando c'\u00e8 una mancanza di appartenenza, i membri del team diventano rapidamente demotivati \u200b\u200be improduttivi. \nQuindi cosa possono fare i creatori per promuovere questo fondamentale senso di appartenenza collettiva?<\/p>\n\n\n\n<p>Continua a leggere <a href=\"https:\/\/hbr.org\/2020\/11\/what-kind-of-startup-founder-are-you\">qui<\/a>.<\/p>","protected":false},"excerpt":{"rendered":"<p>Quando si tratta di far decollare una nuova impresa, un senso di appartenenza condivisa \u00e8 vitale, ma non \u00e8 sempre chiaro come i creatori possano promuovere tale propriet\u00e0 condivisa nei loro team. \nIn questo articolo, gli autori descrivono una ricerca recente che ha esaminato il modo in cui diversi tipi di leader tentano di coltivare [\u2026]<\/p>","protected":false},"author":4,"featured_media":1392,"comment_status":"closed","ping_status":"open","sticky":false,"template":"","format":"standard","meta":[],"categories":[1],"tags":[],"_links":{"self":[{"href":"https:\/\/facetproject.eu\/it\/wp-json\/wp\/v2\/posts\/1391"}],"collection":[{"href":"https:\/\/facetproject.eu\/it\/wp-json\/wp\/v2\/posts"}],"about":[{"href":"https:\/\/facetproject.eu\/it\/wp-json\/wp\/v2\/types\/post"}],"author":[{"embeddable":true,"href":"https:\/\/facetproject.eu\/it\/wp-json\/wp\/v2\/users\/4"}],"replies":[{"embeddable":true,"href":"https:\/\/facetproject.eu\/it\/wp-json\/wp\/v2\/comments?post=1391"}],"version-history":[{"count":1,"href":"https:\/\/facetproject.eu\/it\/wp-json\/wp\/v2\/posts\/1391\/revisions"}],"predecessor-version":[{"id":1393,"href":"https:\/\/facetproject.eu\/it\/wp-json\/wp\/v2\/posts\/1391\/revisions\/1393"}],"wp:featuredmedia":[{"embeddable":true,"href":"https:\/\/facetproject.eu\/it\/wp-json\/wp\/v2\/media\/1392"}],"wp:attachment":[{"href":"https:\/\/facetproject.eu\/it\/wp-json\/wp\/v2\/media?parent=1391"}],"wp:term":[{"taxonomy":"category","embeddable":true,"href":"https:\/\/facetproject.eu\/it\/wp-json\/wp\/v2\/categories?post=1391"},{"taxonomy":"post_tag","embeddable":true,"href":"https:\/\/facetproject.eu\/it\/wp-json\/wp\/v2\/tags?post=1391"}],"curies":[{"name":"wp","href":"https:\/\/api.w.org\/{rel}","templated":true}]}}