{"id":1372,"date":"2020-12-10T13:25:29","date_gmt":"2020-12-10T13:25:29","guid":{"rendered":"https:\/\/facetproject.eu\/?p=1372"},"modified":"2020-12-10T14:10:18","modified_gmt":"2020-12-10T14:10:18","slug":"the-online-course-creativity-and-entrepreneurship-in-the-furniture-sector-is-now-available","status":"publish","type":"post","link":"https:\/\/facetproject.eu\/es\/the-online-course-creativity-and-entrepreneurship-in-the-furniture-sector-is-now-available\/","title":{"rendered":"El curso online \"Creatividad y emprendimiento en el sector Mueble\" ya est\u00e1 disponible"},"content":{"rendered":"<p><em>El curso formativo en \u201cCreatividad y Emprendimiento en el Sector del Mueble es gratuito y est\u00e1 abierto a cualquier interesado.<\/em><\/p>\n\n\n\n<p>El curso consta de <strong>materiales de aprendizaje interactivos<\/strong> -videos, infograf\u00edas, presentaciones y cuestionarios - y de un conjunto de <strong>libros de texto <\/strong>con toda la informaci\u00f3n necesaria y con lecturas adicionales para profundizar en diferentes temas de inter\u00e9s. El curso se compone de alrededor de 30 horas de formaci\u00f3n a trav\u00e9s de <strong>6 m\u00f3dulos diferentes<\/strong>:<\/p>\n\n\n\n<ol><li><strong>Creatividad y pensamiento creativo<\/strong>: una visi\u00f3n general de las m\u00faltiples valencias y capas de creatividad que permiten mejorar y desarrollar el pensamiento creativo.<\/li><li><strong>Creatividad e innovaci\u00f3n<\/strong>: focalizado en desarrollar m\u00e9todos para ser creativo e innovador al mismo tiempo.<\/li><li><strong>Creatividad motivacional<\/strong>: una visi\u00f3n general de la motivaci\u00f3n, los niveles de motivaci\u00f3n individual y su v\u00ednculo con la confianza, la productividad y el establecimiento de objetivos positivos mediante la exploraci\u00f3n de teor\u00edas motivadoras.<\/li><li><strong>Creatividad sostenible<\/strong>: presentaci\u00f3n del conocimiento b\u00e1sico de proyectos sostenibles que emplean un pensamiento creativo cr\u00edtico y sostenible: eficiencia ERM (Energ\u00eda, Residuos, Materiales), dise\u00f1o ecol\u00f3gico y econom\u00eda circular.<\/li><li><strong>Creatividad y emprendimiento<\/strong>: una introducci\u00f3n a las nociones b\u00e1sicas de la gesti\u00f3n estrat\u00e9gica, enfatizando las principales caracter\u00edsticas personales que pueden ser \u00fatiles en una posici\u00f3n de liderazgo.<\/li><li><strong>Herramienta basada en el trabajo<\/strong>: gu\u00eda del proceso de creaci\u00f3n e implementaci\u00f3n de ideas aplicado a proyectos reales.<\/li><\/ol>\n\n\n\n<p>Puedes acceder al curso haciendo clic <a href=\"https:\/\/facetproject.eu\/es\/pilot-course\/\">aqu\u00ed<\/a>.<\/p>","protected":false},"excerpt":{"rendered":"<p>El curso formativo \u201cCreatividad y Emprendimiento en el Sector del Mueble\" es gratuito y est\u00e1 abierto a cualquier interesado. El curso consta de materiales de aprendizaje interactivos (videos, infograf\u00edas, presentaciones y cuestionarios) y un conjunto de manuales con toda la informaci\u00f3n necesaria y lecturas adicionales para profundizar en varios temas de inter\u00e9s. Los [\u2026]<\/p>","protected":false},"author":4,"featured_media":1317,"comment_status":"closed","ping_status":"open","sticky":false,"template":"","format":"standard","meta":[],"categories":[1],"tags":[],"_links":{"self":[{"href":"https:\/\/facetproject.eu\/es\/wp-json\/wp\/v2\/posts\/1372"}],"collection":[{"href":"https:\/\/facetproject.eu\/es\/wp-json\/wp\/v2\/posts"}],"about":[{"href":"https:\/\/facetproject.eu\/es\/wp-json\/wp\/v2\/types\/post"}],"author":[{"embeddable":true,"href":"https:\/\/facetproject.eu\/es\/wp-json\/wp\/v2\/users\/4"}],"replies":[{"embeddable":true,"href":"https:\/\/facetproject.eu\/es\/wp-json\/wp\/v2\/comments?post=1372"}],"version-history":[{"count":4,"href":"https:\/\/facetproject.eu\/es\/wp-json\/wp\/v2\/posts\/1372\/revisions"}],"predecessor-version":[{"id":1377,"href":"https:\/\/facetproject.eu\/es\/wp-json\/wp\/v2\/posts\/1372\/revisions\/1377"}],"wp:featuredmedia":[{"embeddable":true,"href":"https:\/\/facetproject.eu\/es\/wp-json\/wp\/v2\/media\/1317"}],"wp:attachment":[{"href":"https:\/\/facetproject.eu\/es\/wp-json\/wp\/v2\/media?parent=1372"}],"wp:term":[{"taxonomy":"category","embeddable":true,"href":"https:\/\/facetproject.eu\/es\/wp-json\/wp\/v2\/categories?post=1372"},{"taxonomy":"post_tag","embeddable":true,"href":"https:\/\/facetproject.eu\/es\/wp-json\/wp\/v2\/tags?post=1372"}],"curies":[{"name":"wp","href":"https:\/\/api.w.org\/{rel}","templated":true}]}}