{"id":1428,"date":"2020-09-30T01:19:03","date_gmt":"2020-09-30T01:19:03","guid":{"rendered":"https:\/\/facetproject.eu\/?p=1428"},"modified":"2021-04-29T11:49:09","modified_gmt":"2021-04-29T11:49:09","slug":"facet-is-now-working-on-implementing-and-translating-modules-and-contents-of-training-course-on-mooc-platform","status":"publish","type":"post","link":"https:\/\/facetproject.eu\/cs\/facet-is-now-working-on-implementing-and-translating-modules-and-contents-of-training-course-on-mooc-platform\/","title":{"rendered":"FACET nyn\u00ed pracuje na implementaci a p\u0159eklady modul\u016f a obsah kurzu na platform\u011b MOOC"},"content":{"rendered":"<p><sup>th<\/sup> <sup>th<\/sup> 28. a 29. z\u00e1\u0159\u00ed 2020 dojde k dal\u0161\u00edmu FACET meetingu, kter\u00fd se bude konat online, z d\u016fvodu omezen\u00ed, kv\u016fli COVID-19.<\/p>\n\n\n\n<p>Hlavn\u00edm c\u00edlem FACET je v\u00fdvoj nov\u00fdch a inovativn\u00edch metod \u0161kolen\u00ed pro dal\u0161\u00ed pos\u00edlen\u00ed kreativity a podnik\u00e1n\u00ed v n\u00e1bytk\u00e1\u0159sk\u00e9m sektoru, a to jak pro po\u010d\u00e1te\u010dn\u00ed, tak pro pr\u016fb\u011b\u017en\u00e9 odborn\u00e9 vzd\u011bl\u00e1v\u00e1n\u00ed a p\u0159\u00edpravu, v\u010detn\u011b u\u010den\u00ed na pracovi\u0161ti.<\/p>\n\n\n\n<p>Nov\u00e9 \u0161kolen\u00ed bude zam\u011b\u0159eno na obnoven\u00ed kreativity a zlep\u0161en\u00ed schopnosti generovat nov\u00e9 a lep\u0161\u00ed n\u00e1pady a prom\u011bnit n\u00e1pady v akci za \u00fa\u010delem vytvo\u0159en\u00ed nov\u00fdch skute\u010dn\u00fdch a hodnotn\u00fdch produkt\u016f \/ slu\u017eeb \/ obchodn\u00edch model\u016f.<\/p>\n\n\n\n<p>Projekt m\u00e1 dva specifick\u00e9 c\u00edle: definovat osnovy projektu FACET pro kreativitu, podnikatelsk\u00e9 dovednosti a znalosti a vyv\u00edjet n\u00e1stroj zalo\u017een\u00fd na pr\u00e1ci, kter\u00fd provede profesion\u00e1ly procesem vytv\u00e1\u0159en\u00ed a implementace n\u00e1pad\u016f.<\/p>\n\n\n\n<p class=\" translation-block\">\u0160est partner\u016f projektu, kte\u0159\u00ed zastupuj\u00ed 6 zem\u00ed (It\u00e1lie, \u0160pan\u011blsko, Portugalsko, \u0158ecko, \u010cesk\u00e1 republika, Rumunsko), se setk\u00e1 online, aby revidovalo pr\u016fb\u011bh a v\u00fdsledky projektu za posledn\u00edch \u0161est m\u011bs\u00edc\u016f. B\u011bhem tohoto obdob\u00ed <strong>FACET <\/strong>zam\u011b\u0159il sv\u00e9 \u00fasil\u00ed na implementaci a p\u0159eklad modul\u016f a obsahu \u0161kolen\u00ed na platform\u011b MOOC. Pilotn\u00ed test pro firmy a zainteresovan\u00e9 strany bude uveden do provozu do konce roku.<\/p>","protected":false},"excerpt":{"rendered":"<p>28. a 29. z\u00e1\u0159\u00ed 2020 dojde k dal\u0161\u00edmu FACET meetingu, kter\u00fd se bude konat online, z d\u016fvodu omezen\u00ed, kv\u016fli COVID-19. Hlavn\u00edm c\u00edlem FACET je v\u00fdvoj nov\u00fdch a inovativn\u00edch metod \u0161kolen\u00ed pro dal\u0161\u00ed pos\u00edlen\u00ed kreativity a podnik\u00e1n\u00ed v n\u00e1bytk\u00e1\u0159sk\u00e9m sektoru, a to jak pro po\u010d\u00e1te\u010dn\u00ed, tak pro pr\u016fb\u011b\u017en\u00e9 odborn\u00e9 vzd\u011bl\u00e1v\u00e1n\u00ed a p\u0159\u00edpravu, v\u010detn\u011b u\u010den\u00ed na pracovi\u0161ti. [...]<\/p>","protected":false},"author":5,"featured_media":1429,"comment_status":"closed","ping_status":"open","sticky":false,"template":"","format":"standard","meta":[],"categories":[1],"tags":[],"_links":{"self":[{"href":"https:\/\/facetproject.eu\/cs\/wp-json\/wp\/v2\/posts\/1428"}],"collection":[{"href":"https:\/\/facetproject.eu\/cs\/wp-json\/wp\/v2\/posts"}],"about":[{"href":"https:\/\/facetproject.eu\/cs\/wp-json\/wp\/v2\/types\/post"}],"author":[{"embeddable":true,"href":"https:\/\/facetproject.eu\/cs\/wp-json\/wp\/v2\/users\/5"}],"replies":[{"embeddable":true,"href":"https:\/\/facetproject.eu\/cs\/wp-json\/wp\/v2\/comments?post=1428"}],"version-history":[{"count":2,"href":"https:\/\/facetproject.eu\/cs\/wp-json\/wp\/v2\/posts\/1428\/revisions"}],"predecessor-version":[{"id":1433,"href":"https:\/\/facetproject.eu\/cs\/wp-json\/wp\/v2\/posts\/1428\/revisions\/1433"}],"wp:featuredmedia":[{"embeddable":true,"href":"https:\/\/facetproject.eu\/cs\/wp-json\/wp\/v2\/media\/1429"}],"wp:attachment":[{"href":"https:\/\/facetproject.eu\/cs\/wp-json\/wp\/v2\/media?parent=1428"}],"wp:term":[{"taxonomy":"category","embeddable":true,"href":"https:\/\/facetproject.eu\/cs\/wp-json\/wp\/v2\/categories?post=1428"},{"taxonomy":"post_tag","embeddable":true,"href":"https:\/\/facetproject.eu\/cs\/wp-json\/wp\/v2\/tags?post=1428"}],"curies":[{"name":"wp","href":"https:\/\/api.w.org\/{rel}","templated":true}]}}