{"id":1391,"date":"2021-01-10T14:35:37","date_gmt":"2021-01-10T14:35:37","guid":{"rendered":"https:\/\/facetproject.eu\/?p=1391"},"modified":"2021-01-28T14:37:22","modified_gmt":"2021-01-28T14:37:22","slug":"what-kind-of-startup-founder-are-you","status":"publish","type":"post","link":"https:\/\/facetproject.eu\/cs\/what-kind-of-startup-founder-are-you\/","title":{"rendered":"Jak\u00fd typ zakladatele startupu jste?"},"content":{"rendered":"<p>Pokud jde o zvednut\u00ed nov\u00e9ho podniku ze zem\u011b, je z\u00e1sadn\u00ed pocit spole\u010dn\u00e9ho vlastnictv\u00ed - ale nen\u00ed v\u017edy jasn\u00e9, jak by zakladatel\u00e9 m\u011bli postupovat p\u0159i p\u011bstov\u00e1n\u00ed spole\u010dn\u00e9ho vlastnictv\u00ed ve sv\u00fdch t\u00fdmech. V tomto \u010dl\u00e1nku auto\u0159i popisuj\u00ed ned\u00e1vn\u00fd v\u00fdzkum, kter\u00fd zkoumal, jak se r\u016fzn\u00e9 typy mana\u017eer\u016f pokou\u0161ej\u00ed p\u011bstovat u sv\u00fdch zam\u011bstnanc\u016f pocit spole\u010dn\u00e9ho vlastnictv\u00ed, a nakonec dosp\u011bli k z\u00e1v\u011bru, \u017ee pe\u010dliv\u00e1 rovnov\u00e1ha mezi delegov\u00e1n\u00edm a diktov\u00e1n\u00edm bude pravd\u011bpodobn\u011bji nej\u00fa\u010dinn\u011bj\u0161\u00ed. D\u00e1le nazna\u010duj\u00ed, \u017ee nejlep\u0161\u00edm zp\u016fsobem, jak mohou zakladatel\u00e9 udr\u017eet sv\u00e9 t\u00fdmy zapojen\u00e9 a na spr\u00e1vn\u00e9 cest\u011b, je aktivn\u011b rozhodovat, kter\u00e9 prvky jejich my\u0161lenky jsou otev\u0159en\u00e9 pro diskusi a kter\u00e9 jsou pevn\u00e9 - a pot\u00e9 to jasn\u011b sd\u011blit v\u0161em z\u00fa\u010dastn\u011bn\u00fdm.<\/p>\n\n\n\n<p class=\" translation-block\">Mnoho slibn\u00fdch nov\u00fdch podnik\u016f se sna\u017e\u00ed zvednout ze zem\u011b, proto\u017ee jejich zakladatel\u00e9 selhali v p\u011bstov\u00e1n\u00ed pocitu spole\u010dn\u00e9ho vlastnictv\u00ed - pocit, \u017ee my\u0161lenka podniku je \u201ena\u0161e\u201c (je t\u00fdmov\u00e1) a nejen zakladatele. Kdy\u017e t\u00fdmy poci\u0165uj\u00ed kolektivitu vlastnictv\u00ed, v\u00edce spolupracuj\u00edc\u00ed , riskuj\u00ed  a p\u0159in\u00e1\u0161ej\u00ed v\u00edce osobn\u00edch ob\u011bt\u00ed aby podpo\u0159ily spole\u010dn\u00fd c\u00edl - a kdy\u017e chyb\u00ed kolektivita vlastnictv\u00ed, \u010dlenov\u00e9 t\u00fdmu se rychle stanou demotivovan\u00fdmi a neproduktivn\u00edmi. Co tedy mohou zakladatel\u00e9 ud\u011blat, aby podpo\u0159ili tento velmi d\u016fle\u017eit\u00fd smysl pro spole\u010dn\u00e9 vlastnictv\u00ed?<\/p>\n\n\n\n<p>Pokra\u010dovat ve \u010dten\u00ed <a href=\"https:\/\/hbr.org\/2020\/11\/what-kind-of-startup-founder-are-you\">zde<\/a>.<\/p>","protected":false},"excerpt":{"rendered":"<p>Pokud jde o zvednut\u00ed nov\u00e9ho podniku ze zem\u011b, je z\u00e1sadn\u00ed pocit spole\u010dn\u00e9ho vlastnictv\u00ed - ale nen\u00ed v\u017edy jasn\u00e9, jak by zakladatel\u00e9 m\u011bli postupovat p\u0159i p\u011bstov\u00e1n\u00ed spole\u010dn\u00e9ho vlastnictv\u00ed ve sv\u00fdch t\u00fdmech. V tomto \u010dl\u00e1nku auto\u0159i popisuj\u00ed ned\u00e1vn\u00fd v\u00fdzkum, kter\u00fd zkoumal, jak se r\u016fzn\u00e9 typy mana\u017eer\u016f pokou\u0161ej\u00ed p\u011bstovat u sv\u00fdch zam\u011bstnanc\u016f pocit spole\u010dn\u00e9ho vlastnictv\u00ed, a nakonec dosp\u011bli k z\u00e1v\u011bru, \u017ee pe\u010dliv\u00e1 rovnov\u00e1ha mezi delegov\u00e1n\u00edm a diktov\u00e1n\u00edm bude pravd\u011bpodobn\u011bji nej\u00fa\u010dinn\u011bj\u0161\u00ed. D\u00e1le [\u2026]<\/p>","protected":false},"author":4,"featured_media":1392,"comment_status":"closed","ping_status":"open","sticky":false,"template":"","format":"standard","meta":[],"categories":[1],"tags":[],"_links":{"self":[{"href":"https:\/\/facetproject.eu\/cs\/wp-json\/wp\/v2\/posts\/1391"}],"collection":[{"href":"https:\/\/facetproject.eu\/cs\/wp-json\/wp\/v2\/posts"}],"about":[{"href":"https:\/\/facetproject.eu\/cs\/wp-json\/wp\/v2\/types\/post"}],"author":[{"embeddable":true,"href":"https:\/\/facetproject.eu\/cs\/wp-json\/wp\/v2\/users\/4"}],"replies":[{"embeddable":true,"href":"https:\/\/facetproject.eu\/cs\/wp-json\/wp\/v2\/comments?post=1391"}],"version-history":[{"count":1,"href":"https:\/\/facetproject.eu\/cs\/wp-json\/wp\/v2\/posts\/1391\/revisions"}],"predecessor-version":[{"id":1393,"href":"https:\/\/facetproject.eu\/cs\/wp-json\/wp\/v2\/posts\/1391\/revisions\/1393"}],"wp:featuredmedia":[{"embeddable":true,"href":"https:\/\/facetproject.eu\/cs\/wp-json\/wp\/v2\/media\/1392"}],"wp:attachment":[{"href":"https:\/\/facetproject.eu\/cs\/wp-json\/wp\/v2\/media?parent=1391"}],"wp:term":[{"taxonomy":"category","embeddable":true,"href":"https:\/\/facetproject.eu\/cs\/wp-json\/wp\/v2\/categories?post=1391"},{"taxonomy":"post_tag","embeddable":true,"href":"https:\/\/facetproject.eu\/cs\/wp-json\/wp\/v2\/tags?post=1391"}],"curies":[{"name":"wp","href":"https:\/\/api.w.org\/{rel}","templated":true}]}}