{"id":1330,"date":"2020-09-15T12:18:30","date_gmt":"2020-09-15T12:18:30","guid":{"rendered":"https:\/\/facetproject.eu\/?p=1330"},"modified":"2020-12-10T13:23:54","modified_gmt":"2020-12-10T13:23:54","slug":"rethinking-the-definitions-of-creativity","status":"publish","type":"post","link":"https:\/\/facetproject.eu\/cs\/rethinking-the-definitions-of-creativity\/","title":{"rendered":"Zv\u00e1\u017een\u00ed definic kreativity"},"content":{"rendered":"<p>Pokud Banksy a pr\u00e1vn\u00edk vejdou do baru, neexistuje mo\u017enost, \u017ee by mohli m\u00edt n\u011bco spole\u010dn\u00e9ho, \u017ee? Jeden je sv\u011btov\u011b proslul\u00fd pouli\u010dn\u00ed um\u011blec a druh\u00fd se zab\u00fdv\u00e1 komplikovan\u00fdmi zvraty jazyka a vyjedn\u00e1v\u00e1n\u00edm. Neexistuje zp\u016fsob, jak by z pr\u00e1vn\u00edka mohl b\u00fdt kreativn\u00ed \u010dlov\u011bk, \u017ee?<\/p>\n\n\n\n<p>Jde o to, \u017ee kreativita je nutn\u00e1 ve v\u0161ech pr\u016fmyslov\u00fdch odv\u011btv\u00edch. V l\u00e9ka\u0159sk\u00e9 profesi, v politice, ve v\u00fdrob\u011b existuj\u00ed kreativn\u00ed myslitel\u00e9 \u2013 pojmenujete to a zjist\u00edte, \u017ee existuje n\u011bkolik kreativn\u00edch mysl\u00ed, kter\u00e9 \u0159e\u0161\u00ed nejv\u011bt\u0161\u00ed v\u00fdzvy na\u0161\u00ed doby.<\/p>\n\n\n\n<h4><strong>Co je kreativita?<\/strong><\/h4>\n\n\n\n<p>Kdy\u017e mluv\u00edme o kreativit\u011b nebo kreativn\u00edch lidech, obvykle to pova\u017eujeme za synonymum um\u011blc\u016f, hudebn\u00edk\u016f, tane\u010dn\u00edk\u016f a spisovatel\u016f. Oxfordsk\u00fd jazyk definuje slovo tvo\u0159ivost jako \u201epou\u017eit\u00ed p\u0159edstavivosti nebo origin\u00e1ln\u00edch n\u00e1pad\u016f\u201c. Je to synonymum vynal\u00e9zavosti a inovace. L\u00e9ka\u0159i, pr\u00e1vn\u00edci, \u0159editel\u00e9, podnikatel\u00e9 \u2013 v\u0161ichni mus\u00ed b\u00fdt kreativn\u00ed, aby na\u0161li \u0159e\u0161en\u00ed sv\u00fdch probl\u00e9m\u016f.<\/p>\n\n\n\n<p>P\u0159e\u010dt\u011bte si v\u00edce: <a href=\"https:\/\/www.forbes.com\/sites\/forbesagencycouncil\/2020\/09\/21\/rethinking-the-definitions-of-creativity\/#5a7a8d6dd28c\">Forbes.com<\/a> <\/p>","protected":false},"excerpt":{"rendered":"<p>Pokud Banksy a pr\u00e1vn\u00edk vejdou do baru, neexistuje mo\u017enost, \u017ee by mohli m\u00edt n\u011bco spole\u010dn\u00e9ho, \u017ee? Jeden je sv\u011btov\u011b proslul\u00fd pouli\u010dn\u00ed um\u011blec a druh\u00fd se zab\u00fdv\u00e1 komplikovan\u00fdmi zvraty jazyka a vyjedn\u00e1v\u00e1n\u00edm. Neexistuje zp\u016fsob, jak by z pr\u00e1vn\u00edka mohl b\u00fdt kreativn\u00ed \u010dlov\u011bk, \u017ee? Jde o to, \u017ee kreativita je nutn\u00e1 ve v\u0161ech pr\u016fmyslov\u00fdch odv\u011btv\u00edch. V l\u00e9ka\u0159sk\u00e9 [\u2026]<\/p>","protected":false},"author":4,"featured_media":1331,"comment_status":"closed","ping_status":"open","sticky":false,"template":"","format":"standard","meta":[],"categories":[1],"tags":[],"_links":{"self":[{"href":"https:\/\/facetproject.eu\/cs\/wp-json\/wp\/v2\/posts\/1330"}],"collection":[{"href":"https:\/\/facetproject.eu\/cs\/wp-json\/wp\/v2\/posts"}],"about":[{"href":"https:\/\/facetproject.eu\/cs\/wp-json\/wp\/v2\/types\/post"}],"author":[{"embeddable":true,"href":"https:\/\/facetproject.eu\/cs\/wp-json\/wp\/v2\/users\/4"}],"replies":[{"embeddable":true,"href":"https:\/\/facetproject.eu\/cs\/wp-json\/wp\/v2\/comments?post=1330"}],"version-history":[{"count":2,"href":"https:\/\/facetproject.eu\/cs\/wp-json\/wp\/v2\/posts\/1330\/revisions"}],"predecessor-version":[{"id":1336,"href":"https:\/\/facetproject.eu\/cs\/wp-json\/wp\/v2\/posts\/1330\/revisions\/1336"}],"wp:featuredmedia":[{"embeddable":true,"href":"https:\/\/facetproject.eu\/cs\/wp-json\/wp\/v2\/media\/1331"}],"wp:attachment":[{"href":"https:\/\/facetproject.eu\/cs\/wp-json\/wp\/v2\/media?parent=1330"}],"wp:term":[{"taxonomy":"category","embeddable":true,"href":"https:\/\/facetproject.eu\/cs\/wp-json\/wp\/v2\/categories?post=1330"},{"taxonomy":"post_tag","embeddable":true,"href":"https:\/\/facetproject.eu\/cs\/wp-json\/wp\/v2\/tags?post=1330"}],"curies":[{"name":"wp","href":"https:\/\/api.w.org\/{rel}","templated":true}]}}