{"id":1080,"date":"2019-01-10T17:21:57","date_gmt":"2019-01-10T17:21:57","guid":{"rendered":"https:\/\/facetproject.eu\/?p=1080"},"modified":"2020-10-30T10:21:50","modified_gmt":"2020-10-30T10:21:50","slug":"kick-off-meeting-of-facet-project","status":"publish","type":"post","link":"https:\/\/facetproject.eu\/cs\/kick-off-meeting-of-facet-project\/","title":{"rendered":"\u00davodn\u00ed setk\u00e1n\u00ed projektu FACET"},"content":{"rendered":"<p>Dnes jsme byli na \u00favodn\u00edm setk\u00e1n\u00ed projektu Erasmus Plus  FACET, s c\u00edlem je vytvo\u0159it MOOC (otev\u0159en\u00fd online kurz) modern\u00ed tvo\u0159ivosti a podnik\u00e1n\u00ed pro n\u00e1bytk\u00e1\u0159sk\u00fd sektor s osmi partnery: Tuscan technologick\u00fd svaz pro interi\u00e9ry a design <strong><a rel=\"noreferrer noopener\" aria-label=\"DID (opens in a new tab)\" href=\"https:\/\/www.distrettointerniedesign.it\/\" target=\"_blank\">DID<\/a><\/strong>, svaz<strong> <\/strong>pro vybaven\u00ed n\u00e1bytkem pr\u016fmyslu a dom\u00e1cnosti <a href=\"https:\/\/www.cenfim.org\/en\/\"><strong>CENFIM<\/strong><\/a>, tr\u00e9ninkov\u00e9 centrum pro v\u00fdrobu n\u00e1bytku a d\u0159eva <strong><a rel=\"noreferrer noopener\" aria-label=\" (opens in a new tab)\" href=\"http:\/\/cfpimm.pt\/\" target=\"_blank\">CFPIMM<\/a><\/strong>katedra architektury a designu na <strong><a rel=\"noreferrer noopener\" aria-label=\" (opens in a new tab)\" href=\"https:\/\/www.unifi.it\/\" target=\"_blank\">Univerzit\u011b ve Florencii - DIDA<\/a><\/strong>, svaz \u00a0<strong><a rel=\"noreferrer noopener\" aria-label=\" (opens in a new tab)\" href=\"https:\/\/www.unitbv.ro\/en\/\" target=\"_blank\">Transilv\u00e1nsk\u00e1 Universita v Bra\u0219ov\u011b<\/a><\/strong>, konzulta\u010dn\u00ed a vzd\u011bl\u00e1vac\u00ed spole\u010dnost <strong><a rel=\"noreferrer noopener\" aria-label=\" (opens in a new tab)\" href=\"http:\/\/www.eurocreamerchant.it\/\" target=\"_blank\">Eureocrea Merchant<\/a><\/strong>, sdru\u017een\u00ed \u010desk\u00fdch v\u00fdrobc\u016f n\u00e1bytku <strong><a rel=\"noreferrer noopener\" aria-label=\" (opens in a new tab)\" href=\"https:\/\/www.czechfurniture.com\/\" target=\"_blank\">ACN<\/a><\/strong>, spole\u010dnost pro v\u00fdvoj softwaru <strong><a rel=\"noreferrer noopener\" aria-label=\" (opens in a new tab)\" href=\"http:\/\/www.ccseducation.com\/\" target=\"_blank\">Cristal Clear Soft<\/a><\/strong>. <\/p>\n\n\n\n<figure class=\"wp-block-image\"><img decoding=\"async\" loading=\"lazy\" width=\"1024\" height=\"708\" src=\"https:\/\/facetproject.eu\/wp-content\/uploads\/2019\/01\/Dw23DspXcAAlThZ-1024x708.jpg\" alt=\"\" class=\"wp-image-1270\" srcset=\"https:\/\/facetproject.eu\/wp-content\/uploads\/2019\/01\/Dw23DspXcAAlThZ-1024x708.jpg 1024w, https:\/\/facetproject.eu\/wp-content\/uploads\/2019\/01\/Dw23DspXcAAlThZ-300x207.jpg 300w, https:\/\/facetproject.eu\/wp-content\/uploads\/2019\/01\/Dw23DspXcAAlThZ-768x531.jpg 768w, https:\/\/facetproject.eu\/wp-content\/uploads\/2019\/01\/Dw23DspXcAAlThZ-434x300.jpg 434w, https:\/\/facetproject.eu\/wp-content\/uploads\/2019\/01\/Dw23DspXcAAlThZ-1140x788.jpg 1140w, https:\/\/facetproject.eu\/wp-content\/uploads\/2019\/01\/Dw23DspXcAAlThZ.jpg 1506w\" sizes=\"(max-width: 1024px) 100vw, 1024px\" \/><\/figure>","protected":false},"excerpt":{"rendered":"<p>Dnes jsme byli na \u00favodn\u00edm setk\u00e1n\u00ed projektu Erasmus Plus  FACET, s c\u00edlem je vytvo\u0159it MOOC (otev\u0159en\u00fd online kurz) modern\u00ed tvo\u0159ivosti a podnik\u00e1n\u00ed pro n\u00e1bytk\u00e1\u0159sk\u00fd sektor s osmi partnery: Tuscan technologick\u00fd svaz pro interi\u00e9ry a design- DID , svaz pro vybaven\u00ed n\u00e1bytkem pr\u016fmyslu a dom\u00e1cnosti -  CENFIM ,[\u2026]<\/p>","protected":false},"author":3,"featured_media":1269,"comment_status":"closed","ping_status":"open","sticky":false,"template":"","format":"standard","meta":[],"categories":[1],"tags":[],"_links":{"self":[{"href":"https:\/\/facetproject.eu\/cs\/wp-json\/wp\/v2\/posts\/1080"}],"collection":[{"href":"https:\/\/facetproject.eu\/cs\/wp-json\/wp\/v2\/posts"}],"about":[{"href":"https:\/\/facetproject.eu\/cs\/wp-json\/wp\/v2\/types\/post"}],"author":[{"embeddable":true,"href":"https:\/\/facetproject.eu\/cs\/wp-json\/wp\/v2\/users\/3"}],"replies":[{"embeddable":true,"href":"https:\/\/facetproject.eu\/cs\/wp-json\/wp\/v2\/comments?post=1080"}],"version-history":[{"count":5,"href":"https:\/\/facetproject.eu\/cs\/wp-json\/wp\/v2\/posts\/1080\/revisions"}],"predecessor-version":[{"id":1348,"href":"https:\/\/facetproject.eu\/cs\/wp-json\/wp\/v2\/posts\/1080\/revisions\/1348"}],"wp:featuredmedia":[{"embeddable":true,"href":"https:\/\/facetproject.eu\/cs\/wp-json\/wp\/v2\/media\/1269"}],"wp:attachment":[{"href":"https:\/\/facetproject.eu\/cs\/wp-json\/wp\/v2\/media?parent=1080"}],"wp:term":[{"taxonomy":"category","embeddable":true,"href":"https:\/\/facetproject.eu\/cs\/wp-json\/wp\/v2\/categories?post=1080"},{"taxonomy":"post_tag","embeddable":true,"href":"https:\/\/facetproject.eu\/cs\/wp-json\/wp\/v2\/tags?post=1080"}],"curies":[{"name":"wp","href":"https:\/\/api.w.org\/{rel}","templated":true}]}}